{"id":2083,"date":"2026-04-07T11:32:05","date_gmt":"2026-04-07T14:32:05","guid":{"rendered":"https:\/\/clientes.w7agencia.com\/swissaccreditation\/?p=2083"},"modified":"2026-06-17T11:51:15","modified_gmt":"2026-06-17T14:51:15","slug":"7e-colloque-des-didactiques-disciplinaires","status":"publish","type":"post","link":"https:\/\/clientes.w7agencia.com\/swissaccreditation\/7e-colloque-des-didactiques-disciplinaires\/","title":{"rendered":"7e colloque des didactiques disciplinaires"},"content":{"rendered":"<p>Le 7e\u00a0colloque des didactiques disciplinaires aura lieu \u00e0 la HEP Lucerne les 2 et 3 juillet 2026 sous le th\u00e8me-cadre \u00ab\u00a0Les didactiques disciplinaires fond\u00e9es sur des preuves empiriques\u00a0: r\u00e9sultats actuels et perspectives\u00a0\u00bb. Le lien vers l\u2019inscription via ConfTool ainsi que de plus amples informations sont disponibles sur<a href=\"https:\/\/www.fachdidaktiken2026.ch\/fr.html\" target=\"_blank\" rel=\"noopener\">\u00a0le site web du colloque<\/a>.<\/p>\n<p>Apr\u00e8s avoir \u00e9t\u00e9 organis\u00e9 pendant de nombreuses ann\u00e9es par la<a href=\"https:\/\/www.swissuniversities.ch\/fr\/themes\/didactique-disciplinaire\/colloque-didactiques-disciplinaires\" target=\"_blank\" rel=\"noopener\">\u00a0Chambre des HEP de swissuniversities<\/a>, le colloque des didactiques disciplinaires est d\u00e9sormais remis entre les mains de la communaut\u00e9 scientifique et des hautes \u00e9coles. swissuniversities continue \u00e0 soutenir le colloque.<\/p>\n","protected":false},"excerpt":{"rendered":"<p>Le 7e\u00a0colloque des didactiques disciplinaires aura lieu \u00e0 la HEP Lucerne les 2 et 3 juillet 2026 sous le th\u00e8me-cadre \u00ab\u00a0Les didactiques disciplinaires fond\u00e9es sur des preuves empiriques\u00a0: r\u00e9sultats actuels et perspectives\u00a0\u00bb. Le lien vers l\u2019inscription via ConfTool ainsi que de plus amples informations sont disponibles sur\u00a0le site web du colloque. Apr\u00e8s avoir \u00e9t\u00e9 organis\u00e9 [&hellip;]<\/p>\n","protected":false},"author":1,"featured_media":0,"comment_status":"closed","ping_status":"closed","sticky":false,"template":"","format":"standard","meta":{"footnotes":"","_links_to":"","_links_to_target":""},"categories":[62],"tags":[],"class_list":["post-2083","post","type-post","status-publish","format-standard","hentry","category-evenements-documentation"],"ase":null,"_links":{"self":[{"href":"https:\/\/clientes.w7agencia.com\/swissaccreditation\/wp-json\/wp\/v2\/posts\/2083","targetHints":{"allow":["GET"]}}],"collection":[{"href":"https:\/\/clientes.w7agencia.com\/swissaccreditation\/wp-json\/wp\/v2\/posts"}],"about":[{"href":"https:\/\/clientes.w7agencia.com\/swissaccreditation\/wp-json\/wp\/v2\/types\/post"}],"author":[{"embeddable":true,"href":"https:\/\/clientes.w7agencia.com\/swissaccreditation\/wp-json\/wp\/v2\/users\/1"}],"replies":[{"embeddable":true,"href":"https:\/\/clientes.w7agencia.com\/swissaccreditation\/wp-json\/wp\/v2\/comments?post=2083"}],"version-history":[{"count":0,"href":"https:\/\/clientes.w7agencia.com\/swissaccreditation\/wp-json\/wp\/v2\/posts\/2083\/revisions"}],"wp:attachment":[{"href":"https:\/\/clientes.w7agencia.com\/swissaccreditation\/wp-json\/wp\/v2\/media?parent=2083"}],"wp:term":[{"taxonomy":"category","embeddable":true,"href":"https:\/\/clientes.w7agencia.com\/swissaccreditation\/wp-json\/wp\/v2\/categories?post=2083"},{"taxonomy":"post_tag","embeddable":true,"href":"https:\/\/clientes.w7agencia.com\/swissaccreditation\/wp-json\/wp\/v2\/tags?post=2083"}],"curies":[{"name":"wp","href":"https:\/\/api.w.org\/{rel}","templated":true}]}}