{"id":2080,"date":"2026-05-01T11:31:19","date_gmt":"2026-05-01T14:31:19","guid":{"rendered":"https:\/\/clientes.w7agencia.com\/swissaccreditation\/?p=2080"},"modified":"2026-06-17T11:52:35","modified_gmt":"2026-06-17T14:52:35","slug":"forum-formation-fondee-sur-des-preuves-le-3-septembre-2026","status":"publish","type":"post","link":"https:\/\/clientes.w7agencia.com\/swissaccreditation\/forum-formation-fondee-sur-des-preuves-le-3-septembre-2026\/","title":{"rendered":"Forum \u00ab Formation fond\u00e9e sur des preuves \u00bb, le 3 septembre 2026"},"content":{"rendered":"<p>La commission Recherche &amp; D\u00e9veloppement de la Chambre des Hautes \u00e9coles p\u00e9dagogiques (swissuniversities) organise, jeudi apr\u00e8s-midi 3 septembre 2026, le <strong>forum \u00ab Formation fond\u00e9e sur des preuves \u00bb<\/strong>.<\/p>\n<p>Notre soci\u00e9t\u00e9 est confront\u00e9e \u00e0 des bouleversements profonds et \u00e0 des d\u00e9fis majeurs : l&#8217;instabilit\u00e9 g\u00e9opolitique, la menace qui p\u00e8se sur les valeurs d\u00e9mocratiques fondamentales en raison de la d\u00e9sinformation, la transformation num\u00e9rique, l&#8217;affaiblissement de la coh\u00e9sion sociale ou l&#8217;augmentation des troubles psychiques, en particulier chez les enfants et les jeunes, sont autant de d\u00e9fis qui touchent non seulement la soci\u00e9t\u00e9 suisse.<\/p>\n<p>Dans un monde marqu\u00e9 par l&#8217;incertitude mondiale, le simple acc\u00e8s \u00e0 l&#8217;information ne suffit pas. Ce qui est d\u00e9terminant, c&#8217;est la capacit\u00e9 \u00e0 examiner les connaissances de mani\u00e8re critique, \u00e0 renforcer la r\u00e9silience et \u00e0 promouvoir la coh\u00e9sion sociale.<\/p>\n<p>L&#8217;objectif du forum est d&#8217;intensifier le dialogue entre les praticiens de l&#8217;\u00e9ducation, les responsables politiques et les scientifiques. Ensemble, nous discuterons de la mani\u00e8re dont nous pouvons\u00a0<strong>exploiter<\/strong>\u00a0les connaissances existantes de mani\u00e8re cibl\u00e9e afin de d\u00e9velopper des solutions innovantes pour relever les d\u00e9fis actuels et futurs et d&#8217;avoir\u00a0<strong>un impact social durable<\/strong>.<\/p>\n<p>Informations cl\u00e9s:<\/p>\n<ul>\n<li><strong>Date:<\/strong> 3.9.2026 (apr\u00e8s-midi)<\/li>\n<li><strong>Lieu:<\/strong> HEP Berne (Fabrikstrasse 2-8)<\/li>\n<li><strong>Programme:<\/strong> pr\u00e9sentations-\u00e9clair (pitch) et tables rondes<\/li>\n<li><strong>Inscirption:<\/strong> si vous souhaitez participer, veuillez envoyer un e-mail \u00e0 <a href=\"https:\/\/www.swissuniversities.ch\/fr\/organisation\/documentation\/evenements-documentation\/forum-evidenzorientierte-bildung#\" target=\"_blank\" rel=\"noopener\">Kristina Ehrsam<\/a>\u00a0avant le 30 juin 2026.<\/li>\n<\/ul>\n","protected":false},"excerpt":{"rendered":"<p>La commission Recherche &amp; D\u00e9veloppement de la Chambre des Hautes \u00e9coles p\u00e9dagogiques (swissuniversities) organise, jeudi apr\u00e8s-midi 3 septembre 2026, le forum \u00ab Formation fond\u00e9e sur des preuves \u00bb. Notre soci\u00e9t\u00e9 est confront\u00e9e \u00e0 des bouleversements profonds et \u00e0 des d\u00e9fis majeurs : l&#8217;instabilit\u00e9 g\u00e9opolitique, la menace qui p\u00e8se sur les valeurs d\u00e9mocratiques fondamentales en raison [&hellip;]<\/p>\n","protected":false},"author":1,"featured_media":0,"comment_status":"closed","ping_status":"closed","sticky":false,"template":"","format":"standard","meta":{"footnotes":"","_links_to":"","_links_to_target":""},"categories":[62],"tags":[],"class_list":["post-2080","post","type-post","status-publish","format-standard","hentry","category-evenements-documentation"],"ase":null,"_links":{"self":[{"href":"https:\/\/clientes.w7agencia.com\/swissaccreditation\/wp-json\/wp\/v2\/posts\/2080","targetHints":{"allow":["GET"]}}],"collection":[{"href":"https:\/\/clientes.w7agencia.com\/swissaccreditation\/wp-json\/wp\/v2\/posts"}],"about":[{"href":"https:\/\/clientes.w7agencia.com\/swissaccreditation\/wp-json\/wp\/v2\/types\/post"}],"author":[{"embeddable":true,"href":"https:\/\/clientes.w7agencia.com\/swissaccreditation\/wp-json\/wp\/v2\/users\/1"}],"replies":[{"embeddable":true,"href":"https:\/\/clientes.w7agencia.com\/swissaccreditation\/wp-json\/wp\/v2\/comments?post=2080"}],"version-history":[{"count":0,"href":"https:\/\/clientes.w7agencia.com\/swissaccreditation\/wp-json\/wp\/v2\/posts\/2080\/revisions"}],"wp:attachment":[{"href":"https:\/\/clientes.w7agencia.com\/swissaccreditation\/wp-json\/wp\/v2\/media?parent=2080"}],"wp:term":[{"taxonomy":"category","embeddable":true,"href":"https:\/\/clientes.w7agencia.com\/swissaccreditation\/wp-json\/wp\/v2\/categories?post=2080"},{"taxonomy":"post_tag","embeddable":true,"href":"https:\/\/clientes.w7agencia.com\/swissaccreditation\/wp-json\/wp\/v2\/tags?post=2080"}],"curies":[{"name":"wp","href":"https:\/\/api.w.org\/{rel}","templated":true}]}}